{"id":1193,"date":"2021-11-30T18:23:18","date_gmt":"2021-11-30T17:23:18","guid":{"rendered":"https:\/\/bsgr.stura-md.de\/?p=1193"},"modified":"2022-03-01T17:34:26","modified_gmt":"2022-03-01T16:34:26","slug":"offener-brief","status":"publish","type":"post","link":"https:\/\/bsgr.stura-md.de\/fr\/offener-brief\/","title":{"rendered":"Offener Brief zum Thema rechte Gewalt und struktureller Rassismus"},"content":{"rendered":"<p>Sehr geehrtes Rektorat der Otto-von-Guericke-Universit\u00e4t Magdeburg,<\/p>\n<p>wiederholt kommt es in Magdeburg zu rassistischen Gewalttaten und Diskriminierungen, auch gegen\u00fcber Studierenden der OVGU. So auch wieder geschehen zu Beginn dieses Semesters: Ein Studierender im 1.Semester, der sich im Referat f\u00fcr Klimagerechtigkeit engagieren wollte, wurde auf dem Nachhauseweg von einer Veranstaltung des Referats von drei Nazis beleidigt und angegriffen. Er hat sich verst\u00e4ndlicherweise daraufhin exmatrikuliert und Magdeburg verlassen. Leider ist dieser Vorfall kein isolierter Einzelfall. Es gibt sehr viele Berichte von Studierenden of Color (Person\/ People of Color ist eine h\u00e4ufig gew\u00e4hlte Selbstbezeichnung von Menschen mit Rassismus-Erfahrungen), die in ihrem Alltag in Magdeburg Erfahrungen mit rassistischer Gewalt und strukturellem Rassismus, auch an der Universit\u00e4t, machen.<\/p>\n<p>Die OVGU verschreibt sich in ihrem Leitbild den Werten Offenheit und Toleranz und versteht sich als Ort der Begegnung und des Austausches. Auch legt die Universit\u00e4t viel Wert auf Internationalisierung von Forschung und Lehre, was sich in den engen Kooperationen mit anderen Universit\u00e4ten und einem hohen Anteil an internationalen Studierenden und Mitarbeitenden zeigt. Dies ist eine sehr l\u00f6bliche Ausrichtung, dennoch reicht es nicht, sich zu solchen Werten nur zu bekennen. Als Universit\u00e4t ist die OVGU ein wichtiger Teil der Gesellschaft, \u00fcbernimmt eine Vorbildfunktion und ist, wie Sie selbst im Leitbild schreiben, dazu verpflichtet, gesellschaftliche Verantwortung zu \u00fcbernehmen. Rechtsextreme Strukturen sind in Magdeburg sehr pr\u00e4sent, die gesamte deutsche Gesellschaft ist massiv von rassistischen Strukturen, Sozialisierung und Stereotypen gepr\u00e4gt, die auf die Zeit des Kolonialismus zur\u00fcckgehen. Als Teil der deutschen Gesellschaft ist selbstverst\u00e4ndlich auch die Institution Universit\u00e4t nicht frei von diesen Strukturen. Dennoch positioniert sich die OVGU bis jetzt kaum zu diesem Thema.<\/p>\n<p>Wir fordern daher von der Universit\u00e4tsleitung, sich mit dem Thema Rassismus auseinanderzusetzen, rassistische Gewalt und strukturellen Rassismus als Problem anzuerkennen, sowie die antirassistische Arbeit an der Uni massiv auszubauen.<\/p>\n<p>Um die Dringlichkeit und Relevanz antirassistischer Arbeit an der Universit\u00e4t zu illustrieren, m\u00f6chten wir hier einige Beispiele aufzeigen, wie sich struktureller Rassismus auch an Universit\u00e4ten manifestiert:<\/p>\n<p>\u2022 Die Besetzung wissenschaftlicher Stellen spiegelt nicht die Diversit\u00e4t der Gesellschaft wieder, People of Color sind unterdurchschnittlich in diesen Positionen vertreten. Wichtige Perspektiven fehlen somit an Universit\u00e4ten, wodurch Themen oft aus einer rein \u201ewei\u00dfen\u201c Perspektive verhandelt werden und Schwarze oder migrantische Positionen fehlen.<\/p>\n<p>\u2022 Viele Wissenschaften sind in kolonialrassistische Strukturen verstrickt, die nur langsam oder gar nicht aufgearbeitet werden. Eine Anerkennung dieser Strukturen und eine Thematisierung in der Lehre fehlen h\u00e4ufig.<\/p>\n<p>\u2022 Oftmals werden Themen in Forschung und Lehre aus einer eurozentristischen Perspektive betrachtet, andere Blickwinkel und Erkenntnisse werden dadurch unsichtbar gemacht.<\/p>\n<p>\u2022 Studierende of Color erleben an der Universit\u00e4t Grenz\u00fcberschreitungen, rassistische Diskriminierung und Zuschreibungen.<\/p>\n<p>\u2022 Das Thema Rassismus an deutschen Hochschulen ist trotz seiner gro\u00dfen Relevanz in der Forschung unterrepr\u00e4sentiert, Studien hierzu gibt es kaum.<\/p>\n<p>Um diesen Problemen und Herausforderungen zu begegnen, fordern wir von der Universit\u00e4tsleitung:<\/p>\n<p>\u2022 Die Schaffung eines Beratungsangebots bei rassistischer Diskriminierung sowie die offensive Bewerbung dieses Angebots, sodass Betroffene es auch in Anspruch nehmen k\u00f6nnen.<\/p>\n<p>\u2022 Die Einrichtung einer (anonymen) Beschwerde- und Anlaufstelle bei Rassismuserfahrungen.<\/p>\n<p>\u2022 Die Benennung einer*eines Anti-Rassismus-Beauftragte*n.<\/p>\n<p>\u2022 Fortbildungsangebote f\u00fcr existierende Beratungsstellen im Umgang mit Rassismuserfahrungen.<\/p>\n<p>\u2022 Die Sensibilisierung der Mitarbeitenden und Studierenden in Bezug auf strukturellen Rassismus, z.B. durch Fortbildungsangebote, Ringvorlesungen etc.<\/p>\n<p>\u2022 Eine Auseinandersetzung in den einzelnen wissenschaftlichen Disziplinen mit den kolonialrassistischen Kontinuit\u00e4ten in ihren Fachgebieten sowie eine Einbindung dessen in die Lehre.<\/p>\n<p>\u2022 Die Schaffung institutionalisierter R\u00e4ume, in denen eine Auseinandersetzung mit Rassismus stattfinden kann.<\/p>\n<p>\u2022 Ein \u00f6ffentliches Bekenntnis der OVGU zur Verurteilung rassistischer Gewalt sowie der Anerkennung von strukturellem Rassismus als Problem auch an Universit\u00e4ten. Dazu geh\u00f6rt auch (Anti-)Rassismus als solchen zu benennen, anstatt von Chancengleichtheit, Diversit\u00e4t, Weltoffenheit etc. zu sprechen<\/p>\n<p>Gerne sind wir bereit, zu den genannten Punkten mit Ihnen pers\u00f6nlich ins Gespr\u00e4ch zu kommen.<\/p>\n<p>Mit freundlichen Gr\u00fc\u00dfen,<br \/>\nB\u00fcndnis Studierender gegen Rechts<br \/>\nReferat f\u00fcr Klimagerechtigkeit und Nachhaltigkeit<\/p>\n<h3 style=\"text-align: center;\">Mit zeichnende Personen und Institutionen<\/h3>\n<ul>\n<li><a href=\"https:\/\/stura-md.de\/\">Studierendenrat der Otto-von-Guericke-Universit\u00e4t Magdeburg<\/a><\/li>\n<li><a href=\"https:\/\/www.faramath.ovgu.de\/\">FaRa FMA<\/a><\/li>\n<li>Caro<\/li>\n<li>Anurag&nbsp;<\/li>\n<\/ul>\n<ul>\n<li><a href=\"https:\/\/plattform-n.org\/group\/magdeburg-students-for-climate-justice\/\">Students for Climate Justice<\/a><\/li>\n<li>Offene Linke Liste Magdeburg<\/li>\n<li>&nbsp;Annalena<\/li>\n<li>Christian<\/li>\n<li>Linksjugend Magdeburg<\/li>\n<\/ul>\n<p><a href=\"https:\/\/bsgr.stura-md.de\/kontakt\" role=\"button\"><br \/>\nMitzeichnen<br \/>\n<\/a><\/p>\n","protected":false},"excerpt":{"rendered":"<p>Sehr geehrtes Rektorat der Otto-von-Guericke-Universit\u00e4t Magdeburg, wiederholt kommt es in Magdeburg zu rassistischen Gewalttaten und Diskriminierungen, auch gegen\u00fcber Studierenden der OVGU. So auch wieder geschehen zu Beginn dieses Semesters: Ein Studierender im 1.Semester, der sich im Referat f\u00fcr Klimagerechtigkeit engagieren wollte, wurde auf dem Nachhauseweg von einer Veranstaltung des Referats von drei Nazis beleidigt und [&hellip;]<\/p>\n","protected":false},"author":25,"featured_media":1233,"comment_status":"open","ping_status":"open","sticky":false,"template":"","format":"standard","meta":{"footnotes":"","_links_to":"","_links_to_target":""},"categories":[10,6],"tags":[],"class_list":{"0":"post-1193","1":"post","2":"type-post","3":"status-publish","4":"format-standard","5":"has-post-thumbnail","7":"category-antirassismus","8":"category-news","9":"czr-hentry"},"translation":{"provider":"WPGlobus","version":"3.0.2","language":"fr","enabled_languages":["de","en","fr","es"],"languages":{"de":{"title":true,"content":true,"excerpt":false},"en":{"title":true,"content":true,"excerpt":false},"fr":{"title":false,"content":false,"excerpt":false},"es":{"title":false,"content":false,"excerpt":false}}},"_links":{"self":[{"href":"https:\/\/bsgr.stura-md.de\/fr\/wp-json\/wp\/v2\/posts\/1193","targetHints":{"allow":["GET"]}}],"collection":[{"href":"https:\/\/bsgr.stura-md.de\/fr\/wp-json\/wp\/v2\/posts"}],"about":[{"href":"https:\/\/bsgr.stura-md.de\/fr\/wp-json\/wp\/v2\/types\/post"}],"author":[{"embeddable":true,"href":"https:\/\/bsgr.stura-md.de\/fr\/wp-json\/wp\/v2\/users\/25"}],"replies":[{"embeddable":true,"href":"https:\/\/bsgr.stura-md.de\/fr\/wp-json\/wp\/v2\/comments?post=1193"}],"version-history":[{"count":56,"href":"https:\/\/bsgr.stura-md.de\/fr\/wp-json\/wp\/v2\/posts\/1193\/revisions"}],"predecessor-version":[{"id":1293,"href":"https:\/\/bsgr.stura-md.de\/fr\/wp-json\/wp\/v2\/posts\/1193\/revisions\/1293"}],"wp:featuredmedia":[{"embeddable":true,"href":"https:\/\/bsgr.stura-md.de\/fr\/wp-json\/wp\/v2\/media\/1233"}],"wp:attachment":[{"href":"https:\/\/bsgr.stura-md.de\/fr\/wp-json\/wp\/v2\/media?parent=1193"}],"wp:term":[{"taxonomy":"category","embeddable":true,"href":"https:\/\/bsgr.stura-md.de\/fr\/wp-json\/wp\/v2\/categories?post=1193"},{"taxonomy":"post_tag","embeddable":true,"href":"https:\/\/bsgr.stura-md.de\/fr\/wp-json\/wp\/v2\/tags?post=1193"}],"curies":[{"name":"wp","href":"https:\/\/api.w.org\/{rel}","templated":true}]}}